{"id":6076,"date":"2026-05-13T08:40:29","date_gmt":"2026-05-13T08:40:29","guid":{"rendered":"https:\/\/tourismus-marsberg.de\/?p=6076"},"modified":"2026-05-13T08:40:29","modified_gmt":"2026-05-13T08:40:29","slug":"marsberg-wird-gastgeber-der-literaturtage-nrw-2026","status":"publish","type":"post","link":"https:\/\/tourismus-marsberg.de\/index.php\/2026\/05\/13\/marsberg-wird-gastgeber-der-literaturtage-nrw-2026\/","title":{"rendered":"Marsberg wird Gastgeber der Literaturtage NRW 2026"},"content":{"rendered":"<div class=\"fusion-fullwidth fullwidth-box fusion-builder-row-1 fusion-flex-container has-pattern-background has-mask-background nonhundred-percent-fullwidth non-hundred-percent-height-scrolling\" style=\"--awb-border-radius-top-left:0px;--awb-border-radius-top-right:0px;--awb-border-radius-bottom-right:0px;--awb-border-radius-bottom-left:0px;--awb-flex-wrap:wrap;\" ><div class=\"fusion-builder-row fusion-row fusion-flex-align-items-flex-start fusion-flex-content-wrap\" style=\"max-width:1302px;margin-left: calc(-5% \/ 2 );margin-right: calc(-5% \/ 2 );\"><div class=\"fusion-layout-column fusion_builder_column fusion-builder-column-0 fusion_builder_column_1_1 1_1 fusion-flex-column\" style=\"--awb-bg-size:cover;--awb-width-large:100%;--awb-margin-top-large:0px;--awb-spacing-right-large:100px;--awb-margin-bottom-large:0px;--awb-spacing-left-large:100px;--awb-width-medium:100%;--awb-order-medium:0;--awb-spacing-right-medium:100px;--awb-spacing-left-medium:100px;--awb-width-small:100%;--awb-order-small:0;--awb-spacing-right-small:2.375%;--awb-spacing-left-small:2.375%;\"><div class=\"fusion-column-wrapper fusion-column-has-shadow fusion-flex-justify-content-flex-start fusion-content-layout-column\"><div class=\"fusion-text fusion-text-1\"><p>Vom 11. bis 14. Juni finden die diesj\u00e4hrigen Literaturtage NRW in der Stadt Marsberg statt. Das traditionsreiche Literaturfestival bringt Autorinnen und Autoren, Literaturbegeisterte sowie Kulturinteressierte aus ganz Nordrhein-Westfalen zusammen und l\u00e4dt zu einem vielseitigen Programm rund um das geschriebene und gesprochene Wort ein.<\/p>\n<p>Organisiert vom Verband deutscher Schriftstellerinnen und Schriftsteller (VS) NRW, z\u00e4hlen die Literaturtage seit Jahrzehnten zu den bedeutenden literarischen Veranstaltungen des Landes. Bereits seit 1969 werden sie j\u00e4hrlich in wechselnden St\u00e4dten ausgerichtet und bieten ein breites Spektrum an Lesungen, Diskussionen und kreativen Formaten.<\/p>\n<p>Auch 2026 erwartet die Besucherinnen und Besucher ein abwechslungsreiches Programm: Neben klassischen Lesungen von Autorinnen und Autoren stehen Gespr\u00e4chsrunden, Workshops sowie Veranstaltungen f\u00fcr Kinder und Jugendliche auf dem Plan. Die historische Stadt Marsberg mit ihrer \u00fcber 1.200-j\u00e4hrigen Geschichte bietet dabei eine besondere Kulisse f\u00fcr das Festival und verbindet literarische Gegenwart mit kulturellem Erbe.<\/p>\n<p>Die Veranstaltungen finden sowohl vor Ort in Marsberg als auch teilweise digital statt und sind kostenfrei zug\u00e4nglich.<\/p>\n<p>Die Literaturtage NRW 2026 stehen zugleich im Zeichen eines besonderen Jubil\u00e4ums: Der VS NRW feiert sein 80-j\u00e4hriges Bestehen und w\u00fcrdigt damit die lange Tradition literarischer F\u00f6rderung in der Region.<\/p>\n<h4>Programm\u00fcbersicht<\/h4>\n<h6>Donnerstag, 11. Juni 2026 &#8211; Bibliothek Marsberg, 16.00 Uhr &#8211; LitKids &#8211; Schreibwerkstatt mit Marion Gay (8-14 Jahre)<\/h6>\n<p>Die LitKids-Schreibwerkstatt des VS NRW l\u00e4dt Kinder dazu ein, ihre Fantasie zu entfalten und spielerisch in die Welt des kreativen Schreibens einzutauchen. Unter der Anleitung einer erfahrenen Autorin oder eines erfahrenen Autors entdecken die Teilnehmenden, wie aus Ideen Geschichten werden: mit kleinen Schreibspielen, gemeinsamen Impulsen, Figurenexperimenten und ersten eigenen Texten. Wer m\u00f6chte, darf im Anschluss sein entstandenes Werk den G\u00e4sten pr\u00e4sentieren und so<br \/>\nerleben, wie Worte auf andere wirken und wie viel Mut und Kreativit\u00e4t in ihnen steckt.<\/p>\n<p>Pr\u00e4sentation f\u00fcr die G\u00e4ste: 17:30 \u2013 18.00 Uhr<\/p>\n<h6>Freitag, 12. Juni 2026 &#8211; Schulen und Kitas in Marsberg, ab 10.00 Uhr &#8211; Schul- und Kitalesungen (nicht \u00f6ffentlich)<\/h6>\n<p>Vierzehn Autorinnen und Autoren besuchen in diesem Jahr die Schulen und Kindertagesst\u00e4tten in Marsberg und bringen ihre Geschichten direkt zu den Kindern. Jede Lesung ist eine individuelle Begegnung. In Klassenr\u00e4umen und KiTa-Gruppen entstehen pers\u00f6nliche Gespr\u00e4che, spontane Fragen und lebendige Momente, wenn die jungen Zuh\u00f6rerinnen und Zuh\u00f6rer in die erz\u00e4hlten Welten eintauchen. Die Autorinnen und Autoren lesen aus ihren B\u00fcchern und geben Einblicke in ihre Arbeit. Sie erz\u00e4hlen von Ideen, Schreibwegen und Figuren und schaffen so einen unmittelbaren Zugang zu Literatur. Man darf gespannt sein, welche Geschichten an diesen Tagen ihren Weg in die K\u00f6pfe und Herzen der Kinder finden und welche Funken sie dort entz\u00fcnden.<\/p>\n<ul>\n<li>DRK Kindertageseinrichtung Marsberg (Marsberg) \u2013 Andrea Tillmanns<\/li>\n<li>DRK Familienzentrum und Kindertageseinrichtung Obermarsberg (Obermarsberg) \u2013 Sabine Lipan<\/li>\n<li>Evangelisches Familienzentrum Jona Kindergarten (Marsberg) \u2013 Georg Schwikart<\/li>\n<li>Literaturkita Kindergarten Wirbelwind Meerhof (Meerhof) \u2013 Aygen-Sibel Celik<\/li>\n<li>Familienzentrum Am Rennufer (Marsberg) \u2013 Barbara Zimmermann<\/li>\n<li>Kita Casa Magnus (Niedermarsberg) \u2013 Gerd Puls: \u201eDer kleine Fisch und seine Freunde\u201c<\/li>\n<li>Kindertagesst\u00e4tte Essenthoer Grabenstrolche (Essentho) \u2013Iris Tritsch \u201eEine Prinzessin im Apfelbaum\u201c<\/li>\n<li>St\u00e4dtischer Kindergarten Kleine Heimat (Giershagen) \u2013 Marion Gay<\/li>\n<li>Schule am Bomberg LWL Klinikschule (Marsberg) \u2013 Sabine Houtrouw<\/li>\n<li>Schule am Burghof Gemeinschaftsgrundschule (Marsberg) \u2013 Rudolf Gier \u201eGeschichten aus dem Koffer\u201c<\/li>\n<li>Egge Diemel Schule Westheim Grundschule (Westheim) \u2013 Ina Seeberg, \u201eKinderstation \u2013 Eva\u201c<\/li>\n<li>Sekundarschule Am Eresberg (Marsberg) \u2013 Anke Ricklefs, \u201eSieben Weltwunder plus Eins\u201c, Matthias R\u00fcrup, Hans van Ooyen<\/li>\n<\/ul>\n<h6>Freitag, 12. Juni 2026 &#8211; Bibliothek Marsberg, 17.00 Uhr &#8211; Er\u00f6ffnungsveranstaltung der Literaturtage<\/h6>\n<p>Die Er\u00f6ffnungsveranstaltung in der Bibliothek markiert den offiziellen Start der Literaturtage. Nach den LitKids und den Schul- und KiTa Lesungen kommen hier Politik, Verband und Literatur zusammen. Die Kultusministerin Ina Brandes er\u00f6ffnet mit einer Gru\u00dfbotschaft und setzt den landesweiten Rahmen. Der B\u00fcrgermeister Matthias Koch und\/oder weitere Verteter*innen der Verwaltung begr\u00fc\u00dfen die G\u00e4ste im Namen der Stadt. Die Vorsitzende VS NRW Jana Engels f\u00fchrt in die Bedeutung der Literaturtage ein. Anschlie\u00dfend lesen zwei Autorinnen oder Autoren und geben einen ersten Einblick in das literarische Programm.<\/p>\n<ul>\n<li>Videobotschaft der Kultusministerin Ina Brandes<\/li>\n<li>Begr\u00fc\u00dfung durch den B\u00fcrgermeister Matthias Koch<\/li>\n<li>Beitrag der Vorsitzenden des VS NRW Jana Engels<\/li>\n<li>Lesung von Patricia Malcher und Lexa Stein, je etwa 15 Minuten<\/li>\n<li>Gespr\u00e4che und kleine Snacks im Anschluss, gem\u00fctlicher Ausklang<\/li>\n<\/ul>\n<h6>Samstag, 13. Juni 2026 &#8211; Kloster Marsberg, 12.00 Uhr &#8211; Lyrik und Kurzprosa im Kloster<\/h6>\n<p>Am Samstag um zw\u00f6lf Uhr findet im Kloster in Marsberg eine Lesung mit Lyrik und Kurzprosa statt. Drei Autorinnen und Autoren pr\u00e4sentieren ausgew\u00e4hlte Texte und geben Einblicke in ihre Arbeit. Die besondere Atmosph\u00e4re des Klosters schafft einen ruhigen Rahmen f\u00fcr konzentriertes Zuh\u00f6ren und kurze Gespr\u00e4che im Anschluss. Die Veranstaltung bietet einen weiteren Zugang zur Vielfalt der Literaturtage und l\u00e4dt dazu ein, neue Stimmen und Formen kennenzulernen.<\/p>\n<ul>\n<li>Mark Behrens<\/li>\n<li>Vera Henkel<\/li>\n<li>J\u00fcrgen Flenker<\/li>\n<\/ul>\n<h6>Samstag, 13. Juni 2026 &#8211; Braust\u00fcbchen Marsberg, 19.00 Uhr &#8211; Literatur und \u00dcberraschungen im \u201eBraust\u00fcbchen\u201c<\/h6>\n<p>Am Samstagabend findet im \u201eBraust\u00fcbchen\u201c der Westheimer Brauerei ein unterhaltsamer Literaturabend statt. Unterschiedliche Texte sorgen f\u00fcr Abwechslung und eine lockere Stimmung. Dazu kommen kleine \u00dcberraschungen durch das B\u00fcchergl\u00fccksrad, das spontane Gewinne und besondere Momente erm\u00f6glicht. Die Veranstaltung verbindet Literatur und geselliges Beisammensein und bietet einen offenen, unkomplizierten Zugang zu den Literaturtagen.<\/p>\n<ul>\n<li>Katja Angenent<\/li>\n<li>Anke Kemper<\/li>\n<li>Jutta Wilbertz<\/li>\n<\/ul>\n<h6>Sonntag, 14. Juni 2026 &#8211; Sonntagsgespr\u00e4ch mit Volker W. Degener &#8211; Online-Format &#8211; Interview 10.00 Uhr<\/h6>\n<p>Am Sonntag erscheint auf der Website des VS NRW ein Online-Interview, in dem Joshua Clausnitzer den Schriftsteller und langj\u00e4hrigen Vorsitzenden des VS NRW Volker W. Degener befragt. Das Gespr\u00e4ch gibt Einblicke in Degners literarisches Schaffen, seine jahrzehntelange Arbeit f\u00fcr den Verband und seine Rolle in der nordrhein-westf\u00e4lischen Literaturlandschaft. Das Format erg\u00e4nzt die Literaturtage um eine digitale Perspektive und macht das Gespr\u00e4ch auch im Nachhinein zug\u00e4nglich.<\/p>\n<p>Weitere Informationen zum Programm <a href=\"https:\/\/vs-nrw.de\/2026\/04\/12\/programmplanung-marsberg-2026\/\" target=\"_blank\" rel=\"noopener\">finden Sie hier<\/a>.<\/p>\n<\/div><\/div><\/div><\/div><\/div>\n","protected":false},"excerpt":{"rendered":"","protected":false},"author":2,"featured_media":6077,"comment_status":"closed","ping_status":"closed","sticky":false,"template":"","format":"standard","meta":{"footnotes":""},"categories":[67],"tags":[],"class_list":["post-6076","post","type-post","status-publish","format-standard","has-post-thumbnail","hentry","category-news-in-marsberg"],"_links":{"self":[{"href":"https:\/\/tourismus-marsberg.de\/index.php\/wp-json\/wp\/v2\/posts\/6076","targetHints":{"allow":["GET"]}}],"collection":[{"href":"https:\/\/tourismus-marsberg.de\/index.php\/wp-json\/wp\/v2\/posts"}],"about":[{"href":"https:\/\/tourismus-marsberg.de\/index.php\/wp-json\/wp\/v2\/types\/post"}],"author":[{"embeddable":true,"href":"https:\/\/tourismus-marsberg.de\/index.php\/wp-json\/wp\/v2\/users\/2"}],"replies":[{"embeddable":true,"href":"https:\/\/tourismus-marsberg.de\/index.php\/wp-json\/wp\/v2\/comments?post=6076"}],"version-history":[{"count":1,"href":"https:\/\/tourismus-marsberg.de\/index.php\/wp-json\/wp\/v2\/posts\/6076\/revisions"}],"predecessor-version":[{"id":6078,"href":"https:\/\/tourismus-marsberg.de\/index.php\/wp-json\/wp\/v2\/posts\/6076\/revisions\/6078"}],"wp:featuredmedia":[{"embeddable":true,"href":"https:\/\/tourismus-marsberg.de\/index.php\/wp-json\/wp\/v2\/media\/6077"}],"wp:attachment":[{"href":"https:\/\/tourismus-marsberg.de\/index.php\/wp-json\/wp\/v2\/media?parent=6076"}],"wp:term":[{"taxonomy":"category","embeddable":true,"href":"https:\/\/tourismus-marsberg.de\/index.php\/wp-json\/wp\/v2\/categories?post=6076"},{"taxonomy":"post_tag","embeddable":true,"href":"https:\/\/tourismus-marsberg.de\/index.php\/wp-json\/wp\/v2\/tags?post=6076"}],"curies":[{"name":"wp","href":"https:\/\/api.w.org\/{rel}","templated":true}]}}